{"id":3243,"date":"2026-02-15T11:20:52","date_gmt":"2026-02-15T10:20:52","guid":{"rendered":"https:\/\/sturmglanz.de\/derpestbote\/?p=3243"},"modified":"2026-03-31T13:27:03","modified_gmt":"2026-03-31T12:27:03","slug":"review-muvitium-i-skogens-karga-dunkel","status":"publish","type":"post","link":"https:\/\/sturmglanz.de\/derpestbote\/neuigkeiten\/review-muvitium-i-skogens-karga-dunkel\/","title":{"rendered":"Review: MUVITIUM \u2013 I Skogens Karga Dunkel (2024)"},"content":{"rendered":"\n<div class=\"wp-block-columns is-layout-flex wp-container-core-columns-is-layout-28f84493 wp-block-columns-is-layout-flex\">\n<div class=\"wp-block-column is-layout-flow wp-block-column-is-layout-flow\">\n<figure data-wp-context=\"{&quot;imageId&quot;:&quot;69f35c6d8dbf2&quot;}\" data-wp-interactive=\"core\/image\" data-wp-key=\"69f35c6d8dbf2\" class=\"wp-block-image size-large wp-lightbox-container\"><img loading=\"lazy\" decoding=\"async\" width=\"1024\" height=\"1024\" data-wp-class--hide=\"state.isContentHidden\" data-wp-class--show=\"state.isContentVisible\" data-wp-init=\"callbacks.setButtonStyles\" data-wp-on--click=\"actions.showLightbox\" data-wp-on--load=\"callbacks.setButtonStyles\" data-wp-on-window--resize=\"callbacks.setButtonStyles\" src=\"https:\/\/sturmglanz.de\/derpestbote\/wp-content\/uploads\/2026\/01\/MUVITIUM-\u2013-I-Skogens-Karga-Dunkel-1024x1024.jpg\" alt=\"\" class=\"wp-image-3244\" srcset=\"https:\/\/sturmglanz.de\/derpestbote\/wp-content\/uploads\/2026\/01\/MUVITIUM-\u2013-I-Skogens-Karga-Dunkel-1024x1024.jpg 1024w, https:\/\/sturmglanz.de\/derpestbote\/wp-content\/uploads\/2026\/01\/MUVITIUM-\u2013-I-Skogens-Karga-Dunkel-300x300.jpg 300w, https:\/\/sturmglanz.de\/derpestbote\/wp-content\/uploads\/2026\/01\/MUVITIUM-\u2013-I-Skogens-Karga-Dunkel-150x150.jpg 150w, https:\/\/sturmglanz.de\/derpestbote\/wp-content\/uploads\/2026\/01\/MUVITIUM-\u2013-I-Skogens-Karga-Dunkel-768x768.jpg 768w, https:\/\/sturmglanz.de\/derpestbote\/wp-content\/uploads\/2026\/01\/MUVITIUM-\u2013-I-Skogens-Karga-Dunkel.jpg 1200w\" sizes=\"auto, (max-width: 1024px) 100vw, 1024px\" \/><button\n\t\t\tclass=\"lightbox-trigger\"\n\t\t\ttype=\"button\"\n\t\t\taria-haspopup=\"dialog\"\n\t\t\taria-label=\"Vergr\u00f6\u00dfern\"\n\t\t\tdata-wp-init=\"callbacks.initTriggerButton\"\n\t\t\tdata-wp-on--click=\"actions.showLightbox\"\n\t\t\tdata-wp-style--right=\"state.imageButtonRight\"\n\t\t\tdata-wp-style--top=\"state.imageButtonTop\"\n\t\t>\n\t\t\t<svg xmlns=\"http:\/\/www.w3.org\/2000\/svg\" width=\"12\" height=\"12\" fill=\"none\" viewBox=\"0 0 12 12\">\n\t\t\t\t<path fill=\"#fff\" d=\"M2 0a2 2 0 0 0-2 2v2h1.5V2a.5.5 0 0 1 .5-.5h2V0H2Zm2 10.5H2a.5.5 0 0 1-.5-.5V8H0v2a2 2 0 0 0 2 2h2v-1.5ZM8 12v-1.5h2a.5.5 0 0 0 .5-.5V8H12v2a2 2 0 0 1-2 2H8Zm2-12a2 2 0 0 1 2 2v2h-1.5V2a.5.5 0 0 0-.5-.5H8V0h2Z\" \/>\n\t\t\t<\/svg>\n\t\t<\/button><\/figure>\n<\/div>\n\n\n\n<div class=\"wp-block-column is-layout-flow wp-block-column-is-layout-flow\"><\/div>\n<\/div>\n\n\n\n<div style=\"height:20px\" aria-hidden=\"true\" class=\"wp-block-spacer\"><\/div>\n\n\n\n<p>Mit \u201eI Skogens Karga Dunkel\u201c legt MUVITIUM ein Werk vor, das weniger Album im klassischen Sinn als vielmehr ein geschlossenes Stimmungsbild ist. Ver\u00f6ffentlicht 2024, bewegt sich dieses rund 40-min\u00fctige Werk zwischen EP und Langspieler und markiert eine Phase, in der das Projekt seine \u00e4sthetischen und emotionalen Kernthemen besonders konsequent ausarbeitet.<\/p>\n\n\n\n<div style=\"height:20px\" aria-hidden=\"true\" class=\"wp-block-spacer\"><\/div>\n\n\n\n<p>MUVITIUM ist ein schwedisches One-Man-Projekt, das tief in der Tradition des nordischen, melancholischen Black Metal verwurzelt ist. Anders als viele moderne Produktionen setzt Muvitium nicht auf technische Perfektion oder zeitgem\u00e4\u00dfe Gl\u00e4tte, sondern auf Atmosph\u00e4re, Wiederholung und innere Geschlossenheit. Naturmystik, Einsamkeit, Verg\u00e4nglichkeit und eine fast romantische Schwermut ziehen sich wie ein roter Faden durch das gesamte Schaffen \u2013 und finden auf \u201eI Skogens Karga Dunkel\u201c eine besonders dichte Ausformung. Der Titel (\u201eIm kargen Dunkel des Waldes\u201c) ist dabei programmatisch: Der Wald ist hier kein idyllischer Ort, sondern ein Sinnbild f\u00fcr Abgeschiedenheit, innere Leere und spirituelle Konfrontation. Musikalisch bewegt sich das Werk im Spannungsfeld von atmosph\u00e4rischem Black Metal, Ambient und ruhigen, beinahe meditativen Passagen. Die Songs sind meist langsam bis mitteltempo, oft schleppend, und entwickeln sich eher horizontal als durch klassische H\u00f6hepunkte. Riffs wiederholen sich, Drums bleiben zur\u00fcckhaltend, und die rohe, leicht verhangene Produktion verst\u00e4rkt das Gef\u00fchl von Distanz und K\u00e4lte. Akustische Elemente und introspektive Zwischenspiele lockern das Gesamtbild auf, ohne die d\u00fcstere Grundstimmung zu verlassen. Besonders auff\u00e4llig ist, wie wenig hier auf plakative Aggression gesetzt wird \u2013 \u201eI Skogens Karga Dunkel\u201c wirkt eher nach innen gekehrt, fast kontemplativ.<\/p>\n\n\n\n<div style=\"height:20px\" aria-hidden=\"true\" class=\"wp-block-spacer\"><\/div>\n\n\n\n<p>Der Gesang bleibt typisch f\u00fcr das Genre: fern, verhallt, mehr Ausdruck von Emotion als Tr\u00e4ger konkreter Texte. Er f\u00fcgt sich organisch in das Gesamtbild ein und verst\u00e4rkt das Gef\u00fchl von Einsamkeit und innerem Widerhall. Dieses Werk fordert Geduld. Es ist kein Album f\u00fcr den schnellen Konsum, sondern eines, das sich am besten in ruhigen, abgeschlossenen Momenten entfaltet \u2013 idealerweise am St\u00fcck und mit Kopfh\u00f6rern. Wer eing\u00e4ngige Hooks oder klare Songstrukturen sucht, wird hier kaum f\u00fcndig. Wer jedoch atmosph\u00e4rischen Black Metal als Stimmungsraum versteht, findet in \u201eI Skogens Karga Dunkel\u201c eine dichte, ehrliche und konsequente Ver\u00f6ffentlichung.<\/p>\n\n\n\n<div style=\"height:20px\" aria-hidden=\"true\" class=\"wp-block-spacer\"><\/div>\n\n\n\n<figure class=\"wp-block-embed is-type-video is-provider-youtube wp-block-embed-youtube wp-embed-aspect-16-9 wp-has-aspect-ratio\"><div class=\"wp-block-embed__wrapper\">\n<iframe loading=\"lazy\" hcb-fetch-image-from=\"https:\/\/www.youtube.com\/watch?v=TeWp7I-yegw\" title=\"Muvitium - I Skogens Karga Dunkel (Full MLP) 2024\" width=\"500\" height=\"281\" src=\"https:\/\/www.youtube.com\/embed\/TeWp7I-yegw?feature=oembed\" frameborder=\"0\" allow=\"accelerometer; autoplay; clipboard-write; encrypted-media; gyroscope; picture-in-picture; web-share\" referrerpolicy=\"strict-origin-when-cross-origin\" allowfullscreen><\/iframe>\n<\/div><\/figure>\n","protected":false},"excerpt":{"rendered":"<p>Mit \u201eI Skogens Karga Dunkel\u201c legt MUVITIUM ein Werk vor, das weniger Album im klassischen Sinn als vielmehr ein geschlossenes Stimmungsbild ist. Ver\u00f6ffentlicht 2024, bewegt sich dieses rund 40-min\u00fctige Werk zwischen EP und Langspieler und markiert eine Phase, in der das Projekt seine \u00e4sthetischen und emotionalen Kernthemen besonders konsequent ausarbeitet. MUVITIUM ist ein schwedisches One-Man-Projekt, [&hellip;]<\/p>\n","protected":false},"author":1,"featured_media":3244,"comment_status":"closed","ping_status":"closed","sticky":false,"template":"","format":"standard","meta":{"footnotes":""},"categories":[5,9],"tags":[],"class_list":["post-3243","post","type-post","status-publish","format-standard","has-post-thumbnail","hentry","category-neuigkeiten","category-tontraeger-review"],"_links":{"self":[{"href":"https:\/\/sturmglanz.de\/derpestbote\/wp-json\/wp\/v2\/posts\/3243","targetHints":{"allow":["GET"]}}],"collection":[{"href":"https:\/\/sturmglanz.de\/derpestbote\/wp-json\/wp\/v2\/posts"}],"about":[{"href":"https:\/\/sturmglanz.de\/derpestbote\/wp-json\/wp\/v2\/types\/post"}],"author":[{"embeddable":true,"href":"https:\/\/sturmglanz.de\/derpestbote\/wp-json\/wp\/v2\/users\/1"}],"replies":[{"embeddable":true,"href":"https:\/\/sturmglanz.de\/derpestbote\/wp-json\/wp\/v2\/comments?post=3243"}],"version-history":[{"count":2,"href":"https:\/\/sturmglanz.de\/derpestbote\/wp-json\/wp\/v2\/posts\/3243\/revisions"}],"predecessor-version":[{"id":3319,"href":"https:\/\/sturmglanz.de\/derpestbote\/wp-json\/wp\/v2\/posts\/3243\/revisions\/3319"}],"wp:featuredmedia":[{"embeddable":true,"href":"https:\/\/sturmglanz.de\/derpestbote\/wp-json\/wp\/v2\/media\/3244"}],"wp:attachment":[{"href":"https:\/\/sturmglanz.de\/derpestbote\/wp-json\/wp\/v2\/media?parent=3243"}],"wp:term":[{"taxonomy":"category","embeddable":true,"href":"https:\/\/sturmglanz.de\/derpestbote\/wp-json\/wp\/v2\/categories?post=3243"},{"taxonomy":"post_tag","embeddable":true,"href":"https:\/\/sturmglanz.de\/derpestbote\/wp-json\/wp\/v2\/tags?post=3243"}],"curies":[{"name":"wp","href":"https:\/\/api.w.org\/{rel}","templated":true}]}}