{"id":3204,"date":"2026-01-27T10:47:07","date_gmt":"2026-01-27T09:47:07","guid":{"rendered":"https:\/\/sturmglanz.de\/derpestbote\/?p=3204"},"modified":"2026-03-31T13:28:56","modified_gmt":"2026-03-31T12:28:56","slug":"review-anzv-kur","status":"publish","type":"post","link":"https:\/\/sturmglanz.de\/derpestbote\/neuigkeiten\/review-anzv-kur\/","title":{"rendered":"Review: ANZV &#8211; Kur (2026)"},"content":{"rendered":"\n<div class=\"wp-block-columns is-layout-flex wp-container-core-columns-is-layout-28f84493 wp-block-columns-is-layout-flex\">\n<div class=\"wp-block-column is-layout-flow wp-block-column-is-layout-flow\">\n<figure data-wp-context=\"{&quot;imageId&quot;:&quot;69f2e3ad21850&quot;}\" data-wp-interactive=\"core\/image\" data-wp-key=\"69f2e3ad21850\" class=\"wp-block-image size-large wp-lightbox-container\"><img loading=\"lazy\" decoding=\"async\" width=\"1024\" height=\"1024\" data-wp-class--hide=\"state.isContentHidden\" data-wp-class--show=\"state.isContentVisible\" data-wp-init=\"callbacks.setButtonStyles\" data-wp-on--click=\"actions.showLightbox\" data-wp-on--load=\"callbacks.setButtonStyles\" data-wp-on-window--resize=\"callbacks.setButtonStyles\" src=\"https:\/\/sturmglanz.de\/derpestbote\/wp-content\/uploads\/2026\/01\/ANZV-Kur-1024x1024.jpg\" alt=\"\" class=\"wp-image-3205\" srcset=\"https:\/\/sturmglanz.de\/derpestbote\/wp-content\/uploads\/2026\/01\/ANZV-Kur-1024x1024.jpg 1024w, https:\/\/sturmglanz.de\/derpestbote\/wp-content\/uploads\/2026\/01\/ANZV-Kur-300x300.jpg 300w, https:\/\/sturmglanz.de\/derpestbote\/wp-content\/uploads\/2026\/01\/ANZV-Kur-150x150.jpg 150w, https:\/\/sturmglanz.de\/derpestbote\/wp-content\/uploads\/2026\/01\/ANZV-Kur-768x768.jpg 768w, https:\/\/sturmglanz.de\/derpestbote\/wp-content\/uploads\/2026\/01\/ANZV-Kur.jpg 1200w\" sizes=\"auto, (max-width: 1024px) 100vw, 1024px\" \/><button\n\t\t\tclass=\"lightbox-trigger\"\n\t\t\ttype=\"button\"\n\t\t\taria-haspopup=\"dialog\"\n\t\t\taria-label=\"Vergr\u00f6\u00dfern\"\n\t\t\tdata-wp-init=\"callbacks.initTriggerButton\"\n\t\t\tdata-wp-on--click=\"actions.showLightbox\"\n\t\t\tdata-wp-style--right=\"state.imageButtonRight\"\n\t\t\tdata-wp-style--top=\"state.imageButtonTop\"\n\t\t>\n\t\t\t<svg xmlns=\"http:\/\/www.w3.org\/2000\/svg\" width=\"12\" height=\"12\" fill=\"none\" viewBox=\"0 0 12 12\">\n\t\t\t\t<path fill=\"#fff\" d=\"M2 0a2 2 0 0 0-2 2v2h1.5V2a.5.5 0 0 1 .5-.5h2V0H2Zm2 10.5H2a.5.5 0 0 1-.5-.5V8H0v2a2 2 0 0 0 2 2h2v-1.5ZM8 12v-1.5h2a.5.5 0 0 0 .5-.5V8H12v2a2 2 0 0 1-2 2H8Zm2-12a2 2 0 0 1 2 2v2h-1.5V2a.5.5 0 0 0-.5-.5H8V0h2Z\" \/>\n\t\t\t<\/svg>\n\t\t<\/button><\/figure>\n<\/div>\n\n\n\n<div class=\"wp-block-column is-layout-flow wp-block-column-is-layout-flow\"><\/div>\n<\/div>\n\n\n\n<div style=\"height:20px\" aria-hidden=\"true\" class=\"wp-block-spacer\"><\/div>\n\n\n\n<p>Die portugiesische Band ANZV, gegr\u00fcndet 2019, hat sich in der Black\/Death-Metal-Szene schnell einen Namen gemacht. Ihr Stil verbindet rohe Intensit\u00e4t mit dichter, ritueller Atmosph\u00e4re und ist stark von alten Mythen, insbesondere der mesopotamischen Mythologie, inspiriert. Nach ihrem Deb\u00fct &#8222;Gallas&#8220; liefern sie mit &#8222;Kur&#8220; nun ein noch konzeptionell dichteres Werk.<\/p>\n\n\n\n<div style=\"height:20px\" aria-hidden=\"true\" class=\"wp-block-spacer\"><\/div>\n\n\n\n<p>&#8222;Kur&#8220; ist ein Album, das nicht blo\u00df unterhalten will, sondern hineinzieht. ANZV setzen weniger auf einzelne Songs als auf ein geschlossenes Werk, das wie ein dunkles Ritual funktioniert. Vom ersten Moment an liegt eine schwere, erdige Atmosph\u00e4re \u00fcber der Musik, als w\u00fcrde man Schritt f\u00fcr Schritt in eine unterirdische Welt hinabsteigen. Musikalisch bewegt sich &#8222;Kur&#8220; zwischen Black- und Death-Metal, ohne sich klar einer Seite zu unterwerfen. Die Gitarren sind rau, oft dissonant, manchmal fast monoton \u2013 aber genau diese Wiederholung erzeugt eine hypnotische Wirkung. Statt klassischer Hooks gibt es Spannungsb\u00f6gen, die sich langsam aufbauen und erst sp\u00e4t entladen. Das Schlagzeug wirkt kontrolliert und unerbittlich, wie ein gleichm\u00e4\u00dfiger Puls, der die H\u00f6rer durch das Album treibt. Besonders auff\u00e4llig ist die Atmosph\u00e4re: Kur klingt archaisch, kalt und feierlich zugleich. Die mythologischen Bez\u00fcge sind nicht blo\u00df schm\u00fcckendes Beiwerk, sondern pr\u00e4gen das gesamte Klangbild. Die Vocals sind tief, beschw\u00f6rend, oft mehr Teil der Gesamttextur als klarer Mittelpunkt \u2013 sie wirken wie Stimmen aus der Ferne, nicht wie ein klassischer Frontmann-Auftritt. Das Album verlangt Geduld. Wer Abwechslung, eing\u00e4ngige Riffs oder klare H\u00f6hepunkte sucht, k\u00f6nnte Kur als gleichf\u00f6rmig empfinden. Doch genau darin liegt auch seine St\u00e4rke: ANZV halten konsequent an ihrer Vision fest und schaffen ein koh\u00e4rentes, d\u00fcsteres Gesamtwerk, das sich mit jedem Durchlauf weiter entfaltet.<\/p>\n\n\n\n<div style=\"height:20px\" aria-hidden=\"true\" class=\"wp-block-spacer\"><\/div>\n\n\n\n<p>&#8222;Kur&#8220; ist kein Album f\u00fcr nebenbei. Es funktioniert am besten, wenn man sich Zeit nimmt, laut h\u00f6rt und sich auf die Stimmung einl\u00e4sst. F\u00fcr Fans von atmosph\u00e4rischem, kompromisslosem Extreme Metal ist es eine eindrucksvolle Reise \u2013 roh, ritualistisch und schwer wie Stein.<\/p>\n\n\n\n<div style=\"height:20px\" aria-hidden=\"true\" class=\"wp-block-spacer\"><\/div>\n\n\n\n<figure class=\"wp-block-embed is-type-video is-provider-youtube wp-block-embed-youtube wp-embed-aspect-16-9 wp-has-aspect-ratio\"><div class=\"wp-block-embed__wrapper\">\n<iframe loading=\"lazy\" hcb-fetch-image-from=\"https:\/\/www.youtube.com\/watch?v=83Nn9h8yP9c&amp;list=TLGGUUumZJ-JB9YyNzAxMjAyNg\" title=\"Anzv - Edimmu (Official Music Video)\" width=\"500\" height=\"281\" src=\"https:\/\/www.youtube.com\/embed\/83Nn9h8yP9c?feature=oembed\" frameborder=\"0\" allow=\"accelerometer; autoplay; clipboard-write; encrypted-media; gyroscope; picture-in-picture; web-share\" referrerpolicy=\"strict-origin-when-cross-origin\" allowfullscreen><\/iframe>\n<\/div><\/figure>\n\n\n\n<div style=\"height:20px\" aria-hidden=\"true\" class=\"wp-block-spacer\"><\/div>\n\n\n\n<figure class=\"wp-block-embed is-type-video is-provider-youtube wp-block-embed-youtube wp-embed-aspect-16-9 wp-has-aspect-ratio\"><div class=\"wp-block-embed__wrapper\">\n<iframe loading=\"lazy\" hcb-fetch-image-from=\"https:\/\/www.youtube.com\/watch?v=xR6TBO57qJQ&amp;list=TLGGWTw4tndZtXoyNzAxMjAyNg\" title=\"ANZV - Isimud (Official Music Video) 4K\" width=\"500\" height=\"281\" src=\"https:\/\/www.youtube.com\/embed\/xR6TBO57qJQ?feature=oembed\" frameborder=\"0\" allow=\"accelerometer; autoplay; clipboard-write; encrypted-media; gyroscope; picture-in-picture; web-share\" referrerpolicy=\"strict-origin-when-cross-origin\" allowfullscreen><\/iframe>\n<\/div><\/figure>\n","protected":false},"excerpt":{"rendered":"<p>Die portugiesische Band ANZV, gegr\u00fcndet 2019, hat sich in der Black\/Death-Metal-Szene schnell einen Namen gemacht. Ihr Stil verbindet rohe Intensit\u00e4t mit dichter, ritueller Atmosph\u00e4re und ist stark von alten Mythen, insbesondere der mesopotamischen Mythologie, inspiriert. Nach ihrem Deb\u00fct &#8222;Gallas&#8220; liefern sie mit &#8222;Kur&#8220; nun ein noch konzeptionell dichteres Werk. &#8222;Kur&#8220; ist ein Album, das nicht [&hellip;]<\/p>\n","protected":false},"author":1,"featured_media":3205,"comment_status":"closed","ping_status":"closed","sticky":false,"template":"","format":"standard","meta":{"footnotes":""},"categories":[5,9],"tags":[],"class_list":["post-3204","post","type-post","status-publish","format-standard","has-post-thumbnail","hentry","category-neuigkeiten","category-tontraeger-review"],"_links":{"self":[{"href":"https:\/\/sturmglanz.de\/derpestbote\/wp-json\/wp\/v2\/posts\/3204","targetHints":{"allow":["GET"]}}],"collection":[{"href":"https:\/\/sturmglanz.de\/derpestbote\/wp-json\/wp\/v2\/posts"}],"about":[{"href":"https:\/\/sturmglanz.de\/derpestbote\/wp-json\/wp\/v2\/types\/post"}],"author":[{"embeddable":true,"href":"https:\/\/sturmglanz.de\/derpestbote\/wp-json\/wp\/v2\/users\/1"}],"replies":[{"embeddable":true,"href":"https:\/\/sturmglanz.de\/derpestbote\/wp-json\/wp\/v2\/comments?post=3204"}],"version-history":[{"count":3,"href":"https:\/\/sturmglanz.de\/derpestbote\/wp-json\/wp\/v2\/posts\/3204\/revisions"}],"predecessor-version":[{"id":3324,"href":"https:\/\/sturmglanz.de\/derpestbote\/wp-json\/wp\/v2\/posts\/3204\/revisions\/3324"}],"wp:featuredmedia":[{"embeddable":true,"href":"https:\/\/sturmglanz.de\/derpestbote\/wp-json\/wp\/v2\/media\/3205"}],"wp:attachment":[{"href":"https:\/\/sturmglanz.de\/derpestbote\/wp-json\/wp\/v2\/media?parent=3204"}],"wp:term":[{"taxonomy":"category","embeddable":true,"href":"https:\/\/sturmglanz.de\/derpestbote\/wp-json\/wp\/v2\/categories?post=3204"},{"taxonomy":"post_tag","embeddable":true,"href":"https:\/\/sturmglanz.de\/derpestbote\/wp-json\/wp\/v2\/tags?post=3204"}],"curies":[{"name":"wp","href":"https:\/\/api.w.org\/{rel}","templated":true}]}}