{"id":3198,"date":"2026-02-14T11:18:35","date_gmt":"2026-02-14T11:18:35","guid":{"rendered":"https:\/\/sturmglanz.de\/derpestbote\/?p=3198"},"modified":"2026-03-31T13:27:28","modified_gmt":"2026-03-31T12:27:28","slug":"review-neitian-ur-evighetens-kittel","status":"publish","type":"post","link":"https:\/\/sturmglanz.de\/derpestbote\/neuigkeiten\/review-neitian-ur-evighetens-kittel\/","title":{"rendered":"Review: NEITIAN \u2013 Ur Evighetens Kittel (2025)"},"content":{"rendered":"\n<div class=\"wp-block-columns is-layout-flex wp-container-core-columns-is-layout-28f84493 wp-block-columns-is-layout-flex\">\n<div class=\"wp-block-column is-layout-flow wp-block-column-is-layout-flow\">\n<figure data-wp-context=\"{&quot;imageId&quot;:&quot;69f35b158e6d9&quot;}\" data-wp-interactive=\"core\/image\" data-wp-key=\"69f35b158e6d9\" class=\"wp-block-image size-large wp-lightbox-container\"><img loading=\"lazy\" decoding=\"async\" width=\"1024\" height=\"1024\" data-wp-class--hide=\"state.isContentHidden\" data-wp-class--show=\"state.isContentVisible\" data-wp-init=\"callbacks.setButtonStyles\" data-wp-on--click=\"actions.showLightbox\" data-wp-on--load=\"callbacks.setButtonStyles\" data-wp-on-window--resize=\"callbacks.setButtonStyles\" src=\"https:\/\/sturmglanz.de\/derpestbote\/wp-content\/uploads\/2026\/01\/NEITIAN-\u2013-Ur-Evighetens-Kittel-1024x1024.jpg\" alt=\"\" class=\"wp-image-3199\" srcset=\"https:\/\/sturmglanz.de\/derpestbote\/wp-content\/uploads\/2026\/01\/NEITIAN-\u2013-Ur-Evighetens-Kittel-1024x1024.jpg 1024w, https:\/\/sturmglanz.de\/derpestbote\/wp-content\/uploads\/2026\/01\/NEITIAN-\u2013-Ur-Evighetens-Kittel-300x300.jpg 300w, https:\/\/sturmglanz.de\/derpestbote\/wp-content\/uploads\/2026\/01\/NEITIAN-\u2013-Ur-Evighetens-Kittel-150x150.jpg 150w, https:\/\/sturmglanz.de\/derpestbote\/wp-content\/uploads\/2026\/01\/NEITIAN-\u2013-Ur-Evighetens-Kittel-768x768.jpg 768w, https:\/\/sturmglanz.de\/derpestbote\/wp-content\/uploads\/2026\/01\/NEITIAN-\u2013-Ur-Evighetens-Kittel.jpg 1200w\" sizes=\"auto, (max-width: 1024px) 100vw, 1024px\" \/><button\n\t\t\tclass=\"lightbox-trigger\"\n\t\t\ttype=\"button\"\n\t\t\taria-haspopup=\"dialog\"\n\t\t\taria-label=\"Vergr\u00f6\u00dfern\"\n\t\t\tdata-wp-init=\"callbacks.initTriggerButton\"\n\t\t\tdata-wp-on--click=\"actions.showLightbox\"\n\t\t\tdata-wp-style--right=\"state.imageButtonRight\"\n\t\t\tdata-wp-style--top=\"state.imageButtonTop\"\n\t\t>\n\t\t\t<svg xmlns=\"http:\/\/www.w3.org\/2000\/svg\" width=\"12\" height=\"12\" fill=\"none\" viewBox=\"0 0 12 12\">\n\t\t\t\t<path fill=\"#fff\" d=\"M2 0a2 2 0 0 0-2 2v2h1.5V2a.5.5 0 0 1 .5-.5h2V0H2Zm2 10.5H2a.5.5 0 0 1-.5-.5V8H0v2a2 2 0 0 0 2 2h2v-1.5ZM8 12v-1.5h2a.5.5 0 0 0 .5-.5V8H12v2a2 2 0 0 1-2 2H8Zm2-12a2 2 0 0 1 2 2v2h-1.5V2a.5.5 0 0 0-.5-.5H8V0h2Z\" \/>\n\t\t\t<\/svg>\n\t\t<\/button><\/figure>\n<\/div>\n\n\n\n<div class=\"wp-block-column is-layout-flow wp-block-column-is-layout-flow\"><\/div>\n<\/div>\n\n\n\n<div style=\"height:20px\" aria-hidden=\"true\" class=\"wp-block-spacer\"><\/div>\n\n\n\n<p>Mit \u201eUr Evighetens Kittel\u201c gelingt der schwedischen Black\u2011Metal\u2011Formation NEITIAN ein dunkles, atmosph\u00e4risches Werk, das den H\u00f6rer in seinen Bann zieht wie ein uralter Bannkreis. Der Titel allein \u2013 \u00fcbersetzt so viel wie \u201eAus dem Kessel der Ewigkeit\u201c \u2013 verspricht musikalisch eine Reise tief in vergangene Zeiten, in die Schatten der W\u00e4lder und unter die knorrigen Wurzeln der Natur selbst.<\/p>\n\n\n\n<div style=\"height:20px\" aria-hidden=\"true\" class=\"wp-block-spacer\"><\/div>\n\n\n\n<p>Das Album entfaltet seine Wirkung bereits im ersten Track \u201eVid underjordens dom\u00e4n\u201c, einem d\u00fcsteren, instrumentalen Prolog, der wie ein Blick in ein unterirdisches Reich wirkt \u2013 kalt, geheimnisvoll, voller Erwartung. Danach steigert sich die Musik in \u201eSkogens kall\u201c zu einer zw\u00f6lfmin\u00fctigen Walpurgisnacht aus verzerrten, heftigen Gitarren, die zugleich roh und meditativ wirken. Die Produktion l\u00e4sst viel Raum f\u00fcr die Atmosph\u00e4re: dicht, aber nie undifferenziert, so dass jede Passage wie ein eigener Gedanke im Fl\u00fcstern des Waldes klingt. Besonders beeindruckend ist, wie NEITIAN lange, fast hypnotische Songlandschaften webt \u2013 etwa in \u201eUnder atmosf\u00e4risk talan\u201c, das \u00fcber zw\u00f6lf Minuten Raum f\u00fcr Klangfl\u00e4chen, kreischende Gitarren und rhythmische Eskalation bietet, die wie ein innerer Sturm durch die Seele rast. \u201eInom granrotens d\u00f6d\u2026\u201c schlie\u00dflich ist mit \u00fcber zwanzig Minuten ein monumentales Finale: ein z\u00e4h flie\u00dfender, beinahe tranceartiger Schlussakt, der alles vorher Geh\u00f6rte zu einem einzigen, dunklen Fluss verdichtet. Textlich bewegt sich das Album in den klassischen Themen des atmosph\u00e4rischen Black Metal: Natur, Ewigkeit, Verg\u00e4nglichkeit und inneres Ringen \u2013 begr\u00fcndet durch d\u00fcstere Bilder und nordisch anmutende Titel. Dabei entstehen Songtitel wie \u201eUrsprungets minne\u201c, die eher wie Mythos denn wie Alltag klingen und den H\u00f6rer dazu einladen, tiefer in die Welt des Albums einzutauchen.<\/p>\n\n\n\n<div style=\"height:20px\" aria-hidden=\"true\" class=\"wp-block-spacer\"><\/div>\n\n\n\n<p>\u201eUr Evighetens Kittel\u201c ist ein intensives Album f\u00fcr H\u00f6rer, die Black Metal nicht nur als Musik, sondern als Erlebnis verstehen wollen: roh, weitl\u00e4ufig, unbarmherzig \u2013 und dabei seltsam sch\u00f6n in seiner d\u00fcsteren Monolithik. Es ist kein Werk f\u00fcr den beil\u00e4ufigen Konsum, sondern f\u00fcr n\u00e4chtliche H\u00f6rsessions, in denen man sich ganz der schwedischen Klangwelt hingibt und dort verweilt, bis die letzte Melodie verhallt ist.<\/p>\n\n\n\n<div style=\"height:20px\" aria-hidden=\"true\" class=\"wp-block-spacer\"><\/div>\n\n\n\n<figure class=\"wp-block-embed is-type-video is-provider-youtube wp-block-embed-youtube wp-embed-aspect-4-3 wp-has-aspect-ratio\"><div class=\"wp-block-embed__wrapper\">\n<iframe loading=\"lazy\" hcb-fetch-image-from=\"https:\/\/www.youtube.com\/watch?v=Dk3HOfo-_6w\" title=\"Neitian - Inom Granrotens D\u00f6d...\" width=\"500\" height=\"375\" src=\"https:\/\/www.youtube.com\/embed\/Dk3HOfo-_6w?feature=oembed\" frameborder=\"0\" allow=\"accelerometer; autoplay; clipboard-write; encrypted-media; gyroscope; picture-in-picture; web-share\" referrerpolicy=\"strict-origin-when-cross-origin\" allowfullscreen><\/iframe>\n<\/div><\/figure>\n","protected":false},"excerpt":{"rendered":"<p>Mit \u201eUr Evighetens Kittel\u201c gelingt der schwedischen Black\u2011Metal\u2011Formation NEITIAN ein dunkles, atmosph\u00e4risches Werk, das den H\u00f6rer in seinen Bann zieht wie ein uralter Bannkreis. Der Titel allein \u2013 \u00fcbersetzt so viel wie \u201eAus dem Kessel der Ewigkeit\u201c \u2013 verspricht musikalisch eine Reise tief in vergangene Zeiten, in die Schatten der W\u00e4lder und unter die knorrigen [&hellip;]<\/p>\n","protected":false},"author":1,"featured_media":3199,"comment_status":"closed","ping_status":"closed","sticky":false,"template":"","format":"standard","meta":{"footnotes":""},"categories":[5,9],"tags":[],"class_list":["post-3198","post","type-post","status-publish","format-standard","has-post-thumbnail","hentry","category-neuigkeiten","category-tontraeger-review"],"_links":{"self":[{"href":"https:\/\/sturmglanz.de\/derpestbote\/wp-json\/wp\/v2\/posts\/3198","targetHints":{"allow":["GET"]}}],"collection":[{"href":"https:\/\/sturmglanz.de\/derpestbote\/wp-json\/wp\/v2\/posts"}],"about":[{"href":"https:\/\/sturmglanz.de\/derpestbote\/wp-json\/wp\/v2\/types\/post"}],"author":[{"embeddable":true,"href":"https:\/\/sturmglanz.de\/derpestbote\/wp-json\/wp\/v2\/users\/1"}],"replies":[{"embeddable":true,"href":"https:\/\/sturmglanz.de\/derpestbote\/wp-json\/wp\/v2\/comments?post=3198"}],"version-history":[{"count":2,"href":"https:\/\/sturmglanz.de\/derpestbote\/wp-json\/wp\/v2\/posts\/3198\/revisions"}],"predecessor-version":[{"id":3320,"href":"https:\/\/sturmglanz.de\/derpestbote\/wp-json\/wp\/v2\/posts\/3198\/revisions\/3320"}],"wp:featuredmedia":[{"embeddable":true,"href":"https:\/\/sturmglanz.de\/derpestbote\/wp-json\/wp\/v2\/media\/3199"}],"wp:attachment":[{"href":"https:\/\/sturmglanz.de\/derpestbote\/wp-json\/wp\/v2\/media?parent=3198"}],"wp:term":[{"taxonomy":"category","embeddable":true,"href":"https:\/\/sturmglanz.de\/derpestbote\/wp-json\/wp\/v2\/categories?post=3198"},{"taxonomy":"post_tag","embeddable":true,"href":"https:\/\/sturmglanz.de\/derpestbote\/wp-json\/wp\/v2\/tags?post=3198"}],"curies":[{"name":"wp","href":"https:\/\/api.w.org\/{rel}","templated":true}]}}