{"id":3187,"date":"2026-02-10T11:12:01","date_gmt":"2026-02-10T11:12:01","guid":{"rendered":"https:\/\/sturmglanz.de\/derpestbote\/?p=3187"},"modified":"2026-03-31T13:28:06","modified_gmt":"2026-03-31T12:28:06","slug":"review-klaevitt-klaevitt-skogen-evigt-eka-dvaelj-i-dunklets-skogar","status":"publish","type":"post","link":"https:\/\/sturmglanz.de\/derpestbote\/neuigkeiten\/review-klaevitt-klaevitt-skogen-evigt-eka-dvaelj-i-dunklets-skogar\/","title":{"rendered":"Review: Kl\u00e4vitt, Kl\u00e4vitt\u2026 &#8211; Dv\u00e4lj i Dunklets Skogar (2025)"},"content":{"rendered":"\n<div class=\"wp-block-columns is-layout-flex wp-container-core-columns-is-layout-28f84493 wp-block-columns-is-layout-flex\">\n<div class=\"wp-block-column is-layout-flow wp-block-column-is-layout-flow\">\n<figure data-wp-context=\"{&quot;imageId&quot;:&quot;69f34f2392952&quot;}\" data-wp-interactive=\"core\/image\" data-wp-key=\"69f34f2392952\" class=\"wp-block-image size-full wp-lightbox-container\"><img loading=\"lazy\" decoding=\"async\" width=\"700\" height=\"700\" data-wp-class--hide=\"state.isContentHidden\" data-wp-class--show=\"state.isContentVisible\" data-wp-init=\"callbacks.setButtonStyles\" data-wp-on--click=\"actions.showLightbox\" data-wp-on--load=\"callbacks.setButtonStyles\" data-wp-on-window--resize=\"callbacks.setButtonStyles\" src=\"https:\/\/sturmglanz.de\/derpestbote\/wp-content\/uploads\/2026\/01\/Klaevitt-Klaevitt\u2026-Skogen-Evigt-Eka-\u2013-Dvaelj-i-Dunklets-Skogar.jpg\" alt=\"\" class=\"wp-image-3188\" srcset=\"https:\/\/sturmglanz.de\/derpestbote\/wp-content\/uploads\/2026\/01\/Klaevitt-Klaevitt\u2026-Skogen-Evigt-Eka-\u2013-Dvaelj-i-Dunklets-Skogar.jpg 700w, https:\/\/sturmglanz.de\/derpestbote\/wp-content\/uploads\/2026\/01\/Klaevitt-Klaevitt\u2026-Skogen-Evigt-Eka-\u2013-Dvaelj-i-Dunklets-Skogar-300x300.jpg 300w, https:\/\/sturmglanz.de\/derpestbote\/wp-content\/uploads\/2026\/01\/Klaevitt-Klaevitt\u2026-Skogen-Evigt-Eka-\u2013-Dvaelj-i-Dunklets-Skogar-150x150.jpg 150w\" sizes=\"auto, (max-width: 700px) 100vw, 700px\" \/><button\n\t\t\tclass=\"lightbox-trigger\"\n\t\t\ttype=\"button\"\n\t\t\taria-haspopup=\"dialog\"\n\t\t\taria-label=\"Vergr\u00f6\u00dfern\"\n\t\t\tdata-wp-init=\"callbacks.initTriggerButton\"\n\t\t\tdata-wp-on--click=\"actions.showLightbox\"\n\t\t\tdata-wp-style--right=\"state.imageButtonRight\"\n\t\t\tdata-wp-style--top=\"state.imageButtonTop\"\n\t\t>\n\t\t\t<svg xmlns=\"http:\/\/www.w3.org\/2000\/svg\" width=\"12\" height=\"12\" fill=\"none\" viewBox=\"0 0 12 12\">\n\t\t\t\t<path fill=\"#fff\" d=\"M2 0a2 2 0 0 0-2 2v2h1.5V2a.5.5 0 0 1 .5-.5h2V0H2Zm2 10.5H2a.5.5 0 0 1-.5-.5V8H0v2a2 2 0 0 0 2 2h2v-1.5ZM8 12v-1.5h2a.5.5 0 0 0 .5-.5V8H12v2a2 2 0 0 1-2 2H8Zm2-12a2 2 0 0 1 2 2v2h-1.5V2a.5.5 0 0 0-.5-.5H8V0h2Z\" \/>\n\t\t\t<\/svg>\n\t\t<\/button><\/figure>\n<\/div>\n\n\n\n<div class=\"wp-block-column is-layout-flow wp-block-column-is-layout-flow\"><\/div>\n<\/div>\n\n\n\n<div style=\"height:20px\" aria-hidden=\"true\" class=\"wp-block-spacer\"><\/div>\n\n\n\n<p>\u201eDv\u00e4lj i Dunklets Skogar\u201c ist ein Album, das sich nicht aufdr\u00e4ngt, sondern langsam Besitz ergreift. Kl\u00e4vitt, Kl\u00e4vitt\u2026 Skogen Evigt Eka erschaffen hier ein Werk, das tief in der Vorstellung nordischer W\u00e4lder, Dunkelheit und zeitloser Einsamkeit verwurzelt ist. Nach mehreren Durchl\u00e4ufen wird deutlich, dass diese Musik weniger geh\u00f6rt als vielmehr durchschritten werden will.<\/p>\n\n\n\n<div style=\"height:20px\" aria-hidden=\"true\" class=\"wp-block-spacer\"><\/div>\n\n\n\n<p>Musikalisch bewegt sich das Album im Spannungsfeld zwischen rohem Black Metal und ausgepr\u00e4gter Atmosph\u00e4re. Die Gitarrenlinien sind repetitiv und bewusst reduziert gehalten, wodurch ein tranceartiger Zustand entsteht. Statt klassischer Songstrukturen dominieren flie\u00dfende Bewegungen, die sich wie Nebel zwischen den B\u00e4umen ausbreiten. Melodien tauchen auf, verweilen kurz und verschwinden wieder, ohne je vollst\u00e4ndig greifbar zu werden. Das Schlagzeug bleibt meist zur\u00fcckhaltend und dient eher als pulsierendes Fundament denn als treibende Kraft. Diese Zur\u00fccknahme verst\u00e4rkt den Eindruck von Weite und Leere, w\u00e4hrend die rohe, leicht verhallte Produktion dem Album eine fast geisterhafte Pr\u00e4senz verleiht. Nichts wirkt poliert oder zug\u00e4nglich \u2013 alles ist auf Atmosph\u00e4re und Gef\u00fchl ausgerichtet.<\/p>\n\n\n\n<div style=\"height:20px\" aria-hidden=\"true\" class=\"wp-block-spacer\"><\/div>\n\n\n\n<p>Die Vocals f\u00fcgen sich nahtlos in dieses Klangbild ein. Sie klingen fern, klagend und entr\u00fcckt, fast so, als w\u00fcrden sie aus der Tiefe des Waldes selbst kommen. Worte verlieren hier an Bedeutung; wichtiger ist der emotionale Ausdruck, der Einsamkeit, Ehrfurcht und unterschwellige Bedrohung vermittelt. Textlich und konzeptionell scheint die Natur nicht blo\u00df Kulisse, sondern zentrales Wesen dieses Albums zu sein. Mit zeitlichem Abstand offenbart \u201eDv\u00e4lj i Dunklets Skogar\u201c seine eigentliche St\u00e4rke: die F\u00e4higkeit, einen eigenen Raum zu erschaffen. Es ist ein Album, das Geduld verlangt und sich dem schnellen Konsum entzieht. Wer bereit ist, sich darauf einzulassen, wird mit einer dichten, melancholischen Atmosph\u00e4re belohnt, die lange nachhallt.<\/p>\n\n\n\n<div style=\"height:20px\" aria-hidden=\"true\" class=\"wp-block-spacer\"><\/div>\n\n\n\n<p>\u201eDv\u00e4lj i Dunklets Skogar\u201c ist eine d\u00fcstere, naturmystische Reise durch Klang und Gef\u00fchl \u2013 roh, introspektiv und kompromisslos atmosph\u00e4risch. Ein Werk f\u00fcr H\u00f6rer, die Black Metal als Zustand und nicht als blo\u00dfes Genre begreifen. Feines Teil.<\/p>\n\n\n\n<div style=\"height:20px\" aria-hidden=\"true\" class=\"wp-block-spacer\"><\/div>\n\n\n\n<figure class=\"wp-block-embed is-type-video is-provider-youtube wp-block-embed-youtube wp-embed-aspect-16-9 wp-has-aspect-ratio\"><div class=\"wp-block-embed__wrapper\">\n<iframe loading=\"lazy\" hcb-fetch-image-from=\"https:\/\/www.youtube.com\/watch?v=U27RIodlPys\" title=\"Kl\u00e4vitt, Kl\u00e4vitt... Skogen Evigt Eka - Dv\u00e4lj i Dunklets Skogar (Full album) 2025\" width=\"500\" height=\"281\" src=\"https:\/\/www.youtube.com\/embed\/U27RIodlPys?feature=oembed\" frameborder=\"0\" allow=\"accelerometer; autoplay; clipboard-write; encrypted-media; gyroscope; picture-in-picture; web-share\" referrerpolicy=\"strict-origin-when-cross-origin\" allowfullscreen><\/iframe>\n<\/div><\/figure>\n","protected":false},"excerpt":{"rendered":"<p>\u201eDv\u00e4lj i Dunklets Skogar\u201c ist ein Album, das sich nicht aufdr\u00e4ngt, sondern langsam Besitz ergreift. Kl\u00e4vitt, Kl\u00e4vitt\u2026 Skogen Evigt Eka erschaffen hier ein Werk, das tief in der Vorstellung nordischer W\u00e4lder, Dunkelheit und zeitloser Einsamkeit verwurzelt ist. Nach mehreren Durchl\u00e4ufen wird deutlich, dass diese Musik weniger geh\u00f6rt als vielmehr durchschritten werden will. Musikalisch bewegt sich [&hellip;]<\/p>\n","protected":false},"author":1,"featured_media":3188,"comment_status":"closed","ping_status":"closed","sticky":false,"template":"","format":"standard","meta":{"footnotes":""},"categories":[5,9],"tags":[],"class_list":["post-3187","post","type-post","status-publish","format-standard","has-post-thumbnail","hentry","category-neuigkeiten","category-tontraeger-review"],"_links":{"self":[{"href":"https:\/\/sturmglanz.de\/derpestbote\/wp-json\/wp\/v2\/posts\/3187","targetHints":{"allow":["GET"]}}],"collection":[{"href":"https:\/\/sturmglanz.de\/derpestbote\/wp-json\/wp\/v2\/posts"}],"about":[{"href":"https:\/\/sturmglanz.de\/derpestbote\/wp-json\/wp\/v2\/types\/post"}],"author":[{"embeddable":true,"href":"https:\/\/sturmglanz.de\/derpestbote\/wp-json\/wp\/v2\/users\/1"}],"replies":[{"embeddable":true,"href":"https:\/\/sturmglanz.de\/derpestbote\/wp-json\/wp\/v2\/comments?post=3187"}],"version-history":[{"count":4,"href":"https:\/\/sturmglanz.de\/derpestbote\/wp-json\/wp\/v2\/posts\/3187\/revisions"}],"predecessor-version":[{"id":3321,"href":"https:\/\/sturmglanz.de\/derpestbote\/wp-json\/wp\/v2\/posts\/3187\/revisions\/3321"}],"wp:featuredmedia":[{"embeddable":true,"href":"https:\/\/sturmglanz.de\/derpestbote\/wp-json\/wp\/v2\/media\/3188"}],"wp:attachment":[{"href":"https:\/\/sturmglanz.de\/derpestbote\/wp-json\/wp\/v2\/media?parent=3187"}],"wp:term":[{"taxonomy":"category","embeddable":true,"href":"https:\/\/sturmglanz.de\/derpestbote\/wp-json\/wp\/v2\/categories?post=3187"},{"taxonomy":"post_tag","embeddable":true,"href":"https:\/\/sturmglanz.de\/derpestbote\/wp-json\/wp\/v2\/tags?post=3187"}],"curies":[{"name":"wp","href":"https:\/\/api.w.org\/{rel}","templated":true}]}}