{"id":2195,"date":"2025-01-30T12:29:26","date_gmt":"2025-01-30T12:29:26","guid":{"rendered":"https:\/\/sturmglanz.de\/derpestbote\/?p=2195"},"modified":"2025-02-21T10:30:43","modified_gmt":"2025-02-21T10:30:43","slug":"vocalist-myrdraal-von-bergrizen-verstorben","status":"publish","type":"post","link":"https:\/\/sturmglanz.de\/derpestbote\/neuigkeiten\/vocalist-myrdraal-von-bergrizen-verstorben\/","title":{"rendered":"Vocalist Myrd&#8217;raal von BERGRIZEN verstorben"},"content":{"rendered":"\n<p class=\"has-alegreya-font-family\">Traurige Nachrichten erreichte uns aus der Ukraine. S\u00e4nger und Vocalist Myrd&#8217;raal von BERGRIZEN ist verstorben. \u00dcber die Umst\u00e4nde ist aktuell noch nichts bekannt. Noch im letzten Jahr haben wir ein Interview (Ausgabe DER PESTBOTE #8) \u00fcber die widrigen Lebensumst\u00e4nde in der Ukraine mit BERGRIZEN gesprochen. Zerst\u00f6rung, Tod und Krieg. Ein \u00fcberaus talentierter Mensch hat uns nun verlassen. Was bleibt, ist seine unglaubliche Stimme und Musik.<\/p>\n\n\n\n<div style=\"height:20px\" aria-hidden=\"true\" class=\"wp-block-spacer\"><\/div>\n\n\n\n<figure class=\"wp-block-image size-large\"><img loading=\"lazy\" decoding=\"async\" width=\"1024\" height=\"768\" src=\"https:\/\/sturmglanz.de\/derpestbote\/wp-content\/uploads\/2025\/01\/Bergrizen_heft-1024x768.jpg\" alt=\"\" class=\"wp-image-2197\" srcset=\"https:\/\/sturmglanz.de\/derpestbote\/wp-content\/uploads\/2025\/01\/Bergrizen_heft-1024x768.jpg 1024w, https:\/\/sturmglanz.de\/derpestbote\/wp-content\/uploads\/2025\/01\/Bergrizen_heft-300x225.jpg 300w, https:\/\/sturmglanz.de\/derpestbote\/wp-content\/uploads\/2025\/01\/Bergrizen_heft-768x576.jpg 768w, https:\/\/sturmglanz.de\/derpestbote\/wp-content\/uploads\/2025\/01\/Bergrizen_heft.jpg 1200w\" sizes=\"auto, (max-width: 1024px) 100vw, 1024px\" \/><\/figure>\n","protected":false},"excerpt":{"rendered":"<p>Traurige Nachrichten erreichte uns aus der Ukraine. S\u00e4nger und Vocalist Myrd&#8217;raal von BERGRIZEN ist verstorben. \u00dcber die Umst\u00e4nde ist aktuell noch nichts bekannt. Noch im letzten Jahr haben wir ein Interview (Ausgabe DER PESTBOTE #8) \u00fcber die widrigen Lebensumst\u00e4nde in der Ukraine mit BERGRIZEN gesprochen. Zerst\u00f6rung, Tod und Krieg. Ein \u00fcberaus talentierter Mensch hat uns [&hellip;]<\/p>\n","protected":false},"author":1,"featured_media":2196,"comment_status":"closed","ping_status":"closed","sticky":false,"template":"","format":"standard","meta":{"footnotes":""},"categories":[5],"tags":[],"class_list":["post-2195","post","type-post","status-publish","format-standard","has-post-thumbnail","hentry","category-neuigkeiten"],"_links":{"self":[{"href":"https:\/\/sturmglanz.de\/derpestbote\/wp-json\/wp\/v2\/posts\/2195","targetHints":{"allow":["GET"]}}],"collection":[{"href":"https:\/\/sturmglanz.de\/derpestbote\/wp-json\/wp\/v2\/posts"}],"about":[{"href":"https:\/\/sturmglanz.de\/derpestbote\/wp-json\/wp\/v2\/types\/post"}],"author":[{"embeddable":true,"href":"https:\/\/sturmglanz.de\/derpestbote\/wp-json\/wp\/v2\/users\/1"}],"replies":[{"embeddable":true,"href":"https:\/\/sturmglanz.de\/derpestbote\/wp-json\/wp\/v2\/comments?post=2195"}],"version-history":[{"count":5,"href":"https:\/\/sturmglanz.de\/derpestbote\/wp-json\/wp\/v2\/posts\/2195\/revisions"}],"predecessor-version":[{"id":2203,"href":"https:\/\/sturmglanz.de\/derpestbote\/wp-json\/wp\/v2\/posts\/2195\/revisions\/2203"}],"wp:featuredmedia":[{"embeddable":true,"href":"https:\/\/sturmglanz.de\/derpestbote\/wp-json\/wp\/v2\/media\/2196"}],"wp:attachment":[{"href":"https:\/\/sturmglanz.de\/derpestbote\/wp-json\/wp\/v2\/media?parent=2195"}],"wp:term":[{"taxonomy":"category","embeddable":true,"href":"https:\/\/sturmglanz.de\/derpestbote\/wp-json\/wp\/v2\/categories?post=2195"},{"taxonomy":"post_tag","embeddable":true,"href":"https:\/\/sturmglanz.de\/derpestbote\/wp-json\/wp\/v2\/tags?post=2195"}],"curies":[{"name":"wp","href":"https:\/\/api.w.org\/{rel}","templated":true}]}}