{"id":1413,"date":"2024-11-08T18:18:02","date_gmt":"2024-11-08T18:18:02","guid":{"rendered":"https:\/\/sturmglanz.de\/derpestbote\/?p=1413"},"modified":"2025-02-21T10:28:32","modified_gmt":"2025-02-21T10:28:32","slug":"21-12-2024-schwarze-mette","status":"publish","type":"post","link":"https:\/\/sturmglanz.de\/derpestbote\/neuigkeiten\/21-12-2024-schwarze-mette\/","title":{"rendered":"21.12.2024 Schwarze Mette Konzert Locationwechsel"},"content":{"rendered":"\n<p>Wie der Veranstalter mitteilt, gibt es ein Locationwechsel. Das Statement dazu hier:<\/p>\n\n\n\n<div style=\"height:20px\" aria-hidden=\"true\" class=\"wp-block-spacer\"><\/div>\n\n\n\n<p><em>&#8222;Heute melden wir uns mit einer guten und einer schlechten Nachricht bez\u00fcglich der Schwarze Mette am 21.12.2024!<\/em><\/p>\n\n\n\n<div style=\"height:20px\" aria-hidden=\"true\" class=\"wp-block-spacer\"><\/div>\n\n\n\n<p><em>Das Wichtigste in K\u00fcrze:<\/em><\/p>\n\n\n\n<p><em>&#8211; Die Schwarze Mette &#8211; Moor, Todgeweiht, Krater, Drudensang wird NICHT wie geplant im Gasthof Mildenau Stattfinden (mehr dazu weiter unten)<\/em><\/p>\n\n\n\n<p><em>&#8211; Stattdessen geht es in den Gasthof \u201cZur Katze\u201d in 09429 Gelenau\/Erzgebirge<\/em><\/p>\n\n\n\n<p><em>&#8211; Durch den Wechsel der Lokalit\u00e4t ergeben sich deutlich gr\u00f6\u00dfere Kapazit\u00e4ten, es wird also eine Abendkasse f\u00fcr 30\u20ac p.P. geben!<\/em><\/p>\n\n\n\n<div style=\"height:20px\" aria-hidden=\"true\" class=\"wp-block-spacer\"><\/div>\n\n\n\n<p><em>Wieso es allerdings dazu kommen musste, dass wir jetzt den Veranstaltungsort so kurz vor knapp wechseln mussten, bleibt auch uns ein wenig schleierhaft. Seitens der Gemeinde Mildenau wurde uns die Durchf\u00fchrung der Veranstaltung untersagt, mit der Begr\u00fcndung, dass der Titel \u201cSchwarze Mette\u201d zu einer Flut an Beschwerden gef\u00fchrt h\u00e4tte. Trotz eines pers\u00f6nlichen Treffens, bei dem wir gerne jegliche Bedenken aus dem Weg ger\u00e4umt h\u00e4tten, wurde bereits hinter verschlossener T\u00fcr abgestimmt, dass wir keine Veranstaltung im Gasthof Mildenau am 21.12. durchf\u00fchren d\u00fcrfen. Wir fanden das ehrlich gesagt recht bescheiden, da wir hierdurch 2 Monate vor der Mette erstmal damit zu k\u00e4mpfen hatten, eine geeignete Ersatz-Location aufzutreiben. Gl\u00fccklicherweise bot sich der oben genannte Gasthof \u201cZur Katze\u201d in Gelenau an und der 21.12 stand auch als kurzfristiger Termin noch frei, daf\u00fcr vielen Dank an das gesamte Team von der Katz! Alles in allem k\u00f6nnen wir also nochmal vom Gl\u00fcck im Ungl\u00fcck sprechen, da die neue Lokalit\u00e4t nochmal gr\u00f6\u00dfere Kapazit\u00e4ten verspricht und wir hierf\u00fcr eine Abendkasse anbieten k\u00f6nnen, ebenso gibt es Parkpl\u00e4tze vor Ort. Leid tut es uns nat\u00fcrlich f\u00fcr alle, die sich bereits in oder um Mildenau eine Unterkunft organisiert haben. Wir verbleiben mit einem Gl\u00fcck auf und freuen uns trotz allem auf eine gescheite Schwarze Mette am 21.12.2024!&#8220;<\/em><\/p>\n\n\n\n<div style=\"height:20px\" aria-hidden=\"true\" class=\"wp-block-spacer\"><\/div>\n\n\n\n<figure data-wp-context=\"{&quot;imageId&quot;:&quot;69f35a2a48f9c&quot;}\" data-wp-interactive=\"core\/image\" data-wp-key=\"69f35a2a48f9c\" class=\"wp-block-image size-large wp-lightbox-container\"><img loading=\"lazy\" decoding=\"async\" width=\"682\" height=\"1024\" data-wp-class--hide=\"state.isContentHidden\" data-wp-class--show=\"state.isContentVisible\" data-wp-init=\"callbacks.setButtonStyles\" data-wp-on--click=\"actions.showLightbox\" data-wp-on--load=\"callbacks.setButtonStyles\" data-wp-on-window--resize=\"callbacks.setButtonStyles\" src=\"https:\/\/sturmglanz.de\/derpestbote\/wp-content\/uploads\/2024\/11\/466102677_579197427827673_3508079545941863735_n-682x1024.jpg\" alt=\"\" class=\"wp-image-1419\" srcset=\"https:\/\/sturmglanz.de\/derpestbote\/wp-content\/uploads\/2024\/11\/466102677_579197427827673_3508079545941863735_n-682x1024.jpg 682w, https:\/\/sturmglanz.de\/derpestbote\/wp-content\/uploads\/2024\/11\/466102677_579197427827673_3508079545941863735_n-200x300.jpg 200w, https:\/\/sturmglanz.de\/derpestbote\/wp-content\/uploads\/2024\/11\/466102677_579197427827673_3508079545941863735_n-768x1153.jpg 768w, https:\/\/sturmglanz.de\/derpestbote\/wp-content\/uploads\/2024\/11\/466102677_579197427827673_3508079545941863735_n-1023x1536.jpg 1023w, https:\/\/sturmglanz.de\/derpestbote\/wp-content\/uploads\/2024\/11\/466102677_579197427827673_3508079545941863735_n.jpg 1066w\" sizes=\"auto, (max-width: 682px) 100vw, 682px\" \/><button\n\t\t\tclass=\"lightbox-trigger\"\n\t\t\ttype=\"button\"\n\t\t\taria-haspopup=\"dialog\"\n\t\t\taria-label=\"Vergr\u00f6\u00dfern\"\n\t\t\tdata-wp-init=\"callbacks.initTriggerButton\"\n\t\t\tdata-wp-on--click=\"actions.showLightbox\"\n\t\t\tdata-wp-style--right=\"state.imageButtonRight\"\n\t\t\tdata-wp-style--top=\"state.imageButtonTop\"\n\t\t>\n\t\t\t<svg xmlns=\"http:\/\/www.w3.org\/2000\/svg\" width=\"12\" height=\"12\" fill=\"none\" viewBox=\"0 0 12 12\">\n\t\t\t\t<path fill=\"#fff\" d=\"M2 0a2 2 0 0 0-2 2v2h1.5V2a.5.5 0 0 1 .5-.5h2V0H2Zm2 10.5H2a.5.5 0 0 1-.5-.5V8H0v2a2 2 0 0 0 2 2h2v-1.5ZM8 12v-1.5h2a.5.5 0 0 0 .5-.5V8H12v2a2 2 0 0 1-2 2H8Zm2-12a2 2 0 0 1 2 2v2h-1.5V2a.5.5 0 0 0-.5-.5H8V0h2Z\" \/>\n\t\t\t<\/svg>\n\t\t<\/button><\/figure>\n","protected":false},"excerpt":{"rendered":"<p>Wie der Veranstalter mitteilt, gibt es ein Locationwechsel. Das Statement dazu hier: &#8222;Heute melden wir uns mit einer guten und einer schlechten Nachricht bez\u00fcglich der Schwarze Mette am 21.12.2024! Das Wichtigste in K\u00fcrze: &#8211; Die Schwarze Mette &#8211; Moor, Todgeweiht, Krater, Drudensang wird NICHT wie geplant im Gasthof Mildenau Stattfinden (mehr dazu weiter unten) &#8211; [&hellip;]<\/p>\n","protected":false},"author":1,"featured_media":1414,"comment_status":"closed","ping_status":"closed","sticky":false,"template":"","format":"standard","meta":{"footnotes":""},"categories":[5,7],"tags":[],"class_list":["post-1413","post","type-post","status-publish","format-standard","has-post-thumbnail","hentry","category-neuigkeiten","category-dates"],"_links":{"self":[{"href":"https:\/\/sturmglanz.de\/derpestbote\/wp-json\/wp\/v2\/posts\/1413","targetHints":{"allow":["GET"]}}],"collection":[{"href":"https:\/\/sturmglanz.de\/derpestbote\/wp-json\/wp\/v2\/posts"}],"about":[{"href":"https:\/\/sturmglanz.de\/derpestbote\/wp-json\/wp\/v2\/types\/post"}],"author":[{"embeddable":true,"href":"https:\/\/sturmglanz.de\/derpestbote\/wp-json\/wp\/v2\/users\/1"}],"replies":[{"embeddable":true,"href":"https:\/\/sturmglanz.de\/derpestbote\/wp-json\/wp\/v2\/comments?post=1413"}],"version-history":[{"count":11,"href":"https:\/\/sturmglanz.de\/derpestbote\/wp-json\/wp\/v2\/posts\/1413\/revisions"}],"predecessor-version":[{"id":1461,"href":"https:\/\/sturmglanz.de\/derpestbote\/wp-json\/wp\/v2\/posts\/1413\/revisions\/1461"}],"wp:featuredmedia":[{"embeddable":true,"href":"https:\/\/sturmglanz.de\/derpestbote\/wp-json\/wp\/v2\/media\/1414"}],"wp:attachment":[{"href":"https:\/\/sturmglanz.de\/derpestbote\/wp-json\/wp\/v2\/media?parent=1413"}],"wp:term":[{"taxonomy":"category","embeddable":true,"href":"https:\/\/sturmglanz.de\/derpestbote\/wp-json\/wp\/v2\/categories?post=1413"},{"taxonomy":"post_tag","embeddable":true,"href":"https:\/\/sturmglanz.de\/derpestbote\/wp-json\/wp\/v2\/tags?post=1413"}],"curies":[{"name":"wp","href":"https:\/\/api.w.org\/{rel}","templated":true}]}}